{"id":63,"date":"2024-03-05T12:00:53","date_gmt":"2024-03-05T12:00:53","guid":{"rendered":"https:\/\/ea-lahr.de\/?p=63"},"modified":"2024-03-05T12:01:30","modified_gmt":"2024-03-05T12:01:30","slug":"vortrag-evolution-schoepfung-15-03-24","status":"publish","type":"post","link":"https:\/\/ea-lahr.de\/?p=63","title":{"rendered":"VORTRAG | EVOLUTION \u2013 SCH\u00d6PFUNG | 15.03.24"},"content":{"rendered":"\n<p>\u00bb Evolution oder Sch\u00f6pfung \u2013 \u00a0ein klarer Fall!!?\u00ab Diese Thematik besch\u00e4ftigt nicht nur Sch\u00fcler und Lehrer an der FES-Lahr. Der Referent Reinhard Junker h\u00e4lt diesen spannenden Vortrag und l\u00e4sst alle Zuh\u00f6rer an seinen Studien als Biologe, Mathematiker und Theologe teilhaben. Der Vortrag findet am 15.3.2024 um 20.00 Uhr in der Aula der FES-Grundschule (Rainer-Haungs-Stra\u00dfe 3, Lahr) statt. Der Besuch ist kostenlos.\u00a0<br><\/p>\n\n\n\n<figure class=\"wp-block-image size-full is-resized\"><img loading=\"lazy\" decoding=\"async\" width=\"495\" height=\"700\" src=\"https:\/\/ea-lahr.de\/wp-content\/uploads\/2024\/03\/IMG_1616.jpeg\" alt=\"\" class=\"wp-image-65\" style=\"width:530px;height:auto\" srcset=\"https:\/\/ea-lahr.de\/wp-content\/uploads\/2024\/03\/IMG_1616.jpeg 495w, https:\/\/ea-lahr.de\/wp-content\/uploads\/2024\/03\/IMG_1616-212x300.jpeg 212w\" sizes=\"auto, (max-width: 495px) 100vw, 495px\" \/><\/figure>\n\n\n\n<figure class=\"wp-block-image size-full\"><img loading=\"lazy\" decoding=\"async\" width=\"495\" height=\"700\" src=\"https:\/\/ea-lahr.de\/wp-content\/uploads\/2024\/03\/IMG_1617.jpeg\" alt=\"\" class=\"wp-image-66\" srcset=\"https:\/\/ea-lahr.de\/wp-content\/uploads\/2024\/03\/IMG_1617.jpeg 495w, https:\/\/ea-lahr.de\/wp-content\/uploads\/2024\/03\/IMG_1617-212x300.jpeg 212w\" sizes=\"auto, (max-width: 495px) 100vw, 495px\" \/><\/figure>\n","protected":false},"excerpt":{"rendered":"<p>\u00bb Evolution oder Sch\u00f6pfung \u2013 \u00a0ein klarer Fall!!?\u00ab Diese Thematik besch\u00e4ftigt nicht nur Sch\u00fcler und Lehrer an der FES-Lahr. Der Referent Reinhard Junker h\u00e4lt diesen spannenden Vortrag und l\u00e4sst alle Zuh\u00f6rer an seinen Studien als Biologe, Mathematiker und Theologe teilhaben. Der Vortrag findet am 15.3.2024 um 20.00 Uhr in der Aula der FES-Grundschule (Rainer-Haungs-Stra\u00dfe 3, [&hellip;]<\/p>\n","protected":false},"author":1,"featured_media":64,"comment_status":"closed","ping_status":"","sticky":false,"template":"","format":"standard","meta":{"footnotes":""},"categories":[1],"tags":[],"class_list":["post-63","post","type-post","status-publish","format-standard","has-post-thumbnail","hentry","category-uncategorized"],"_links":{"self":[{"href":"https:\/\/ea-lahr.de\/index.php?rest_route=\/wp\/v2\/posts\/63","targetHints":{"allow":["GET"]}}],"collection":[{"href":"https:\/\/ea-lahr.de\/index.php?rest_route=\/wp\/v2\/posts"}],"about":[{"href":"https:\/\/ea-lahr.de\/index.php?rest_route=\/wp\/v2\/types\/post"}],"author":[{"embeddable":true,"href":"https:\/\/ea-lahr.de\/index.php?rest_route=\/wp\/v2\/users\/1"}],"replies":[{"embeddable":true,"href":"https:\/\/ea-lahr.de\/index.php?rest_route=%2Fwp%2Fv2%2Fcomments&post=63"}],"version-history":[{"count":2,"href":"https:\/\/ea-lahr.de\/index.php?rest_route=\/wp\/v2\/posts\/63\/revisions"}],"predecessor-version":[{"id":68,"href":"https:\/\/ea-lahr.de\/index.php?rest_route=\/wp\/v2\/posts\/63\/revisions\/68"}],"wp:featuredmedia":[{"embeddable":true,"href":"https:\/\/ea-lahr.de\/index.php?rest_route=\/wp\/v2\/media\/64"}],"wp:attachment":[{"href":"https:\/\/ea-lahr.de\/index.php?rest_route=%2Fwp%2Fv2%2Fmedia&parent=63"}],"wp:term":[{"taxonomy":"category","embeddable":true,"href":"https:\/\/ea-lahr.de\/index.php?rest_route=%2Fwp%2Fv2%2Fcategories&post=63"},{"taxonomy":"post_tag","embeddable":true,"href":"https:\/\/ea-lahr.de\/index.php?rest_route=%2Fwp%2Fv2%2Ftags&post=63"}],"curies":[{"name":"wp","href":"https:\/\/api.w.org\/{rel}","templated":true}]}}